{"id":4058,"date":"2024-09-25T19:45:13","date_gmt":"2024-09-25T19:45:13","guid":{"rendered":"https:\/\/macstylerdz.com\/?p=4058"},"modified":"2024-09-25T20:35:52","modified_gmt":"2024-09-25T20:35:52","slug":"mac-styler-algerie-brille-au-salon-cosmetique-expo-et-bien-etre","status":"publish","type":"post","link":"https:\/\/macstylerdz.com\/?p=4058","title":{"rendered":"MAC Styler Alg\u00e9rie Brille au Salon Cosmenex Expo"},"content":{"rendered":"\n<figure class=\"wp-block-image size-full\"><img fetchpriority=\"high\" decoding=\"async\" width=\"960\" height=\"960\" src=\"https:\/\/macstylerdz.com\/wp-content\/uploads\/2024\/09\/460962837_122170631432171540_3386439792154044207_n.jpg\" alt=\"\" class=\"wp-image-4059\" srcset=\"https:\/\/macstylerdz.com\/wp-content\/uploads\/2024\/09\/460962837_122170631432171540_3386439792154044207_n.jpg 960w, https:\/\/macstylerdz.com\/wp-content\/uploads\/2024\/09\/460962837_122170631432171540_3386439792154044207_n-300x300.jpg 300w, https:\/\/macstylerdz.com\/wp-content\/uploads\/2024\/09\/460962837_122170631432171540_3386439792154044207_n-100x100.jpg 100w, https:\/\/macstylerdz.com\/wp-content\/uploads\/2024\/09\/460962837_122170631432171540_3386439792154044207_n-150x150.jpg 150w, https:\/\/macstylerdz.com\/wp-content\/uploads\/2024\/09\/460962837_122170631432171540_3386439792154044207_n-768x768.jpg 768w\" sizes=\"(max-width: 960px) 100vw, 960px\" \/><\/figure>\n\n\n\n<p><strong>Setif, Alg\u00e9rie<\/strong>\u00a0\u2013 La marque MAC Styler Alg\u00e9rie a marqu\u00e9 de son empreinte <a href=\"https:\/\/www.cosmenex.com\/\">le Salon Cosmenex Expo<\/a> et Bien-\u00eatre, un \u00e9v\u00e9nement annuel incontournable pour les professionnels de l\u2019industrie cosm\u00e9tique, les marques de soins de la peau, les experts en bien-\u00eatre et les passionn\u00e9s de beaut\u00e9. Ce salon, qui s\u2019est tenu au P<strong>alais des Expositions S\u00c9TIF DU 25 AU 28 MAABOUDA.<\/strong><\/p>\n\n\n\n<p>Offert une plateforme id\u00e9ale pour d\u00e9couvrir les derni\u00e8res tendances, rencontrer des experts, et explorer une vari\u00e9t\u00e9 de produits et services li\u00e9s \u00e0 la beaut\u00e9 et au bien-\u00eatre.<\/p>\n\n\n\n<p><strong>Participation de MAC Styler Alg\u00e9rie<\/strong><\/p>\n\n\n\n<p>MAC Styler Alg\u00e9rie a pr\u00e9sent\u00e9 une gamme impressionnante de produits innovants, mettant en avant ses derni\u00e8res technologies en mati\u00e8re de soins cheveux. Les visiteurs ont eu l\u2019occasion de d\u00e9couvrir les nouveaux mod\u00e8les de fers \u00e0 lisser, s\u00e8che-cheveux et autres appareils de coiffure, tous con\u00e7us pour r\u00e9pondre aux besoins des consommateurs modernes.<\/p>\n\n\n\n<p><strong>Rencontres et Opportunit\u00e9s<\/strong><\/p>\n\n\n\n<p>Le stand de MAC Styler Alg\u00e9rie a attir\u00e9 un grand nombre de visiteurs, y compris des professionnels de l\u2019industrie, des distributeurs et des d\u00e9taillants. Les repr\u00e9sentants de la marque ont profit\u00e9 de cette occasion pour \u00e9tablir de nouveaux partenariats et renforcer les relations existantes. Les \u00e9changes fructueux ont permis de mettre en lumi\u00e8re les avantages des produits MAC Styler et de discuter des tendances \u00e9mergentes dans le domaine des soins capillaires.<\/p>\n\n\n\n<p><strong>Ateliers et D\u00e9monstrations<\/strong><\/p>\n\n\n\n<p>En plus de l\u2019exposition de produits, MAC Styler Alg\u00e9rie a organis\u00e9 plusieurs ateliers et d\u00e9monstrations en direct. Ces sessions interactives ont permis aux participants de voir les produits en action et de recevoir des conseils d\u2019experts sur leur utilisation optimale. Les d\u00e9monstrations ont \u00e9t\u00e9 particuli\u00e8rement appr\u00e9ci\u00e9es, offrant une exp\u00e9rience pratique et \u00e9ducative aux visiteurs.<\/p>\n\n\n\n<p><strong>Engagement envers l\u2019Innovation et la Qualit\u00e9<\/strong><\/p>\n\n\n\n<p>La participation de MAC Styler Alg\u00e9rie au Salon Cosmetique Expo et Bien-\u00eatre t\u00e9moigne de son engagement envers l\u2019innovation et la qualit\u00e9. La marque continue de se positionner comme un leader dans l\u2019industrie des soins capillaires, en proposant des produits qui allient performance, durabilit\u00e9 et design \u00e9l\u00e9gant.<\/p>\n\n\n\n<p><strong>Conclusion<\/strong><\/p>\n\n\n\n<p>Le Salon Cosmetique Expo et Bien-\u00eatre a \u00e9t\u00e9 une r\u00e9ussite pour MAC Styler Alg\u00e9rie, renfor\u00e7ant sa pr\u00e9sence sur le march\u00e9 et ouvrant de nouvelles perspectives de croissance. La marque se r\u00e9jouit de continuer \u00e0 offrir des solutions de beaut\u00e9 de haute qualit\u00e9 \u00e0 ses clients et de participer \u00e0 des \u00e9v\u00e9nements futurs pour rester \u00e0 la pointe de l\u2019innovation dans l\u2019industrie cosm\u00e9tique.<\/p>\n\n\n\n<h4 class=\"wp-block-heading\">#MACStylerAlg\u00e9rie <a href=\"https:\/\/www.cosmenex.com\/\">#CosmenexExpo<\/a> #Bien\u00catre #SoinsCapillaires #InnovationBeaut\u00e9 #SalonDeBeaut\u00e9 #TendancesBeaut\u00e9 #ProduitsDeBeaut\u00e9<\/h4>\n\n\n\n<p><\/p>\n","protected":false},"excerpt":{"rendered":"<p>Setif, Alg\u00e9rie\u00a0\u2013 La marque MAC Styler Alg\u00e9rie a marqu\u00e9 de son empreinte le Salon Cosmenex Expo et Bien-\u00eatre, un \u00e9v\u00e9nement annuel incontournable pour les professionnels de l\u2019industrie cosm\u00e9tique, les marques de soins de la peau, les experts en bien-\u00eatre et les passionn\u00e9s de beaut\u00e9. Ce salon, qui s\u2019est tenu au Palais des Expositions S\u00c9TIF DU [&hellip;]<\/p>\n","protected":false},"author":1,"featured_media":0,"comment_status":"open","ping_status":"open","sticky":false,"template":"","format":"standard","meta":{"footnotes":""},"categories":[1],"tags":[],"class_list":["post-4058","post","type-post","status-publish","format-standard","hentry","category-uncategorized"],"blocksy_meta":[],"yoast_head":"<!-- This site is optimized with the Yoast SEO plugin v27.5 - https:\/\/yoast.com\/product\/yoast-seo-wordpress\/ -->\n<title>MAC Styler Alg\u00e9rie Brille au Salon Cosmenex Expo - MAC STYLER DZ<\/title>\n<meta name=\"description\" content=\"MAC Styler Alg\u00e9rie Brille au Salon Cosmetique Expo et Bien-\u00eatreAlger, Alg\u00e9rie \u2013 La marque MAC Styler Alg\u00e9rie a marqu\u00e9 de son empreinte le Salon Cosmetique Expo et Bien-\u00eatre, un \u00e9v\u00e9nement annuel incontournable pour les professionnels de l\u2019industrie cosm\u00e9tique, les marques de soins de la peau, les experts en bien-\u00eatre et les passionn\u00e9s de beaut\u00e9. Ce salon, qui s\u2019est tenu au Palais des Expositions des Pins Maritimes de la COSMENEX SETIF.\" \/>\n<meta name=\"robots\" content=\"index, follow, max-snippet:-1, max-image-preview:large, max-video-preview:-1\" \/>\n<link rel=\"canonical\" href=\"https:\/\/macstylerdz.com\/?p=4058\" \/>\n<meta property=\"og:locale\" content=\"fr_FR\" \/>\n<meta property=\"og:type\" content=\"article\" \/>\n<meta property=\"og:title\" content=\"MAC Styler Alg\u00e9rie Brille au Salon Cosmenex Expo - MAC STYLER DZ\" \/>\n<meta property=\"og:description\" content=\"MAC Styler Alg\u00e9rie Brille au Salon Cosmetique Expo et Bien-\u00eatreAlger, Alg\u00e9rie \u2013 La marque MAC Styler Alg\u00e9rie a marqu\u00e9 de son empreinte le Salon Cosmetique Expo et Bien-\u00eatre, un \u00e9v\u00e9nement annuel incontournable pour les professionnels de l\u2019industrie cosm\u00e9tique, les marques de soins de la peau, les experts en bien-\u00eatre et les passionn\u00e9s de beaut\u00e9. Ce salon, qui s\u2019est tenu au Palais des Expositions des Pins Maritimes de la COSMENEX SETIF.\" \/>\n<meta property=\"og:url\" content=\"https:\/\/macstylerdz.com\/?p=4058\" \/>\n<meta property=\"og:site_name\" content=\"MAC STYLER DZ\" \/>\n<meta property=\"article:publisher\" content=\"https:\/\/www.facebook.com\/lisseur\/\" \/>\n<meta property=\"article:published_time\" content=\"2024-09-25T19:45:13+00:00\" \/>\n<meta property=\"article:modified_time\" content=\"2024-09-25T20:35:52+00:00\" \/>\n<meta property=\"og:image\" content=\"https:\/\/macstylerdz.com\/wp-content\/uploads\/2024\/09\/460962837_122170631432171540_3386439792154044207_n.jpg\" \/>\n<meta name=\"author\" content=\"admin\" \/>\n<meta name=\"twitter:card\" content=\"summary_large_image\" \/>\n<meta name=\"twitter:label1\" content=\"\u00c9crit par\" \/>\n\t<meta name=\"twitter:data1\" content=\"admin\" \/>\n\t<meta name=\"twitter:label2\" content=\"Dur\u00e9e de lecture estim\u00e9e\" \/>\n\t<meta name=\"twitter:data2\" content=\"2 minutes\" \/>\n<script type=\"application\/ld+json\" class=\"yoast-schema-graph\">{\"@context\":\"https:\\\/\\\/schema.org\",\"@graph\":[{\"@type\":\"Article\",\"@id\":\"https:\\\/\\\/macstylerdz.com\\\/?p=4058#article\",\"isPartOf\":{\"@id\":\"https:\\\/\\\/macstylerdz.com\\\/?p=4058\"},\"author\":{\"name\":\"admin\",\"@id\":\"https:\\\/\\\/macstylerdz.com\\\/#\\\/schema\\\/person\\\/351e0bdc391f640d54f120e6937c6a58\"},\"headline\":\"MAC Styler Alg\u00e9rie Brille au Salon Cosmenex Expo\",\"datePublished\":\"2024-09-25T19:45:13+00:00\",\"dateModified\":\"2024-09-25T20:35:52+00:00\",\"mainEntityOfPage\":{\"@id\":\"https:\\\/\\\/macstylerdz.com\\\/?p=4058\"},\"wordCount\":459,\"commentCount\":0,\"publisher\":{\"@id\":\"https:\\\/\\\/macstylerdz.com\\\/#organization\"},\"image\":{\"@id\":\"https:\\\/\\\/macstylerdz.com\\\/?p=4058#primaryimage\"},\"thumbnailUrl\":\"https:\\\/\\\/macstylerdz.com\\\/wp-content\\\/uploads\\\/2024\\\/09\\\/460962837_122170631432171540_3386439792154044207_n.jpg\",\"articleSection\":[\"Uncategorized\"],\"inLanguage\":\"fr-FR\",\"potentialAction\":[{\"@type\":\"CommentAction\",\"name\":\"Comment\",\"target\":[\"https:\\\/\\\/macstylerdz.com\\\/?p=4058#respond\"]}]},{\"@type\":\"WebPage\",\"@id\":\"https:\\\/\\\/macstylerdz.com\\\/?p=4058\",\"url\":\"https:\\\/\\\/macstylerdz.com\\\/?p=4058\",\"name\":\"MAC Styler Alg\u00e9rie Brille au Salon Cosmenex Expo - MAC STYLER DZ\",\"isPartOf\":{\"@id\":\"https:\\\/\\\/macstylerdz.com\\\/#website\"},\"primaryImageOfPage\":{\"@id\":\"https:\\\/\\\/macstylerdz.com\\\/?p=4058#primaryimage\"},\"image\":{\"@id\":\"https:\\\/\\\/macstylerdz.com\\\/?p=4058#primaryimage\"},\"thumbnailUrl\":\"https:\\\/\\\/macstylerdz.com\\\/wp-content\\\/uploads\\\/2024\\\/09\\\/460962837_122170631432171540_3386439792154044207_n.jpg\",\"datePublished\":\"2024-09-25T19:45:13+00:00\",\"dateModified\":\"2024-09-25T20:35:52+00:00\",\"description\":\"MAC Styler Alg\u00e9rie Brille au Salon Cosmetique Expo et Bien-\u00eatreAlger, Alg\u00e9rie \u2013 La marque MAC Styler Alg\u00e9rie a marqu\u00e9 de son empreinte le Salon Cosmetique Expo et Bien-\u00eatre, un \u00e9v\u00e9nement annuel incontournable pour les professionnels de l\u2019industrie cosm\u00e9tique, les marques de soins de la peau, les experts en bien-\u00eatre et les passionn\u00e9s de beaut\u00e9. Ce salon, qui s\u2019est tenu au Palais des Expositions des Pins Maritimes de la COSMENEX SETIF.\",\"breadcrumb\":{\"@id\":\"https:\\\/\\\/macstylerdz.com\\\/?p=4058#breadcrumb\"},\"inLanguage\":\"fr-FR\",\"potentialAction\":[{\"@type\":\"ReadAction\",\"target\":[\"https:\\\/\\\/macstylerdz.com\\\/?p=4058\"]}]},{\"@type\":\"ImageObject\",\"inLanguage\":\"fr-FR\",\"@id\":\"https:\\\/\\\/macstylerdz.com\\\/?p=4058#primaryimage\",\"url\":\"https:\\\/\\\/macstylerdz.com\\\/wp-content\\\/uploads\\\/2024\\\/09\\\/460962837_122170631432171540_3386439792154044207_n.jpg\",\"contentUrl\":\"https:\\\/\\\/macstylerdz.com\\\/wp-content\\\/uploads\\\/2024\\\/09\\\/460962837_122170631432171540_3386439792154044207_n.jpg\",\"width\":960,\"height\":960},{\"@type\":\"BreadcrumbList\",\"@id\":\"https:\\\/\\\/macstylerdz.com\\\/?p=4058#breadcrumb\",\"itemListElement\":[{\"@type\":\"ListItem\",\"position\":1,\"name\":\"Home\",\"item\":\"https:\\\/\\\/macstylerdz.com\\\/\"},{\"@type\":\"ListItem\",\"position\":2,\"name\":\"MAC Styler Alg\u00e9rie Brille au Salon Cosmenex Expo\"}]},{\"@type\":\"WebSite\",\"@id\":\"https:\\\/\\\/macstylerdz.com\\\/#website\",\"url\":\"https:\\\/\\\/macstylerdz.com\\\/\",\"name\":\"MAC STYLER DZ\",\"description\":\"Achetez les appareils et les outils de coiffure de la marque Mac Styler sur le site officiel en Alg\u00e9rie.\",\"publisher\":{\"@id\":\"https:\\\/\\\/macstylerdz.com\\\/#organization\"},\"alternateName\":\"macstyler\",\"potentialAction\":[{\"@type\":\"SearchAction\",\"target\":{\"@type\":\"EntryPoint\",\"urlTemplate\":\"https:\\\/\\\/macstylerdz.com\\\/?s={search_term_string}\"},\"query-input\":{\"@type\":\"PropertyValueSpecification\",\"valueRequired\":true,\"valueName\":\"search_term_string\"}}],\"inLanguage\":\"fr-FR\"},{\"@type\":\"Organization\",\"@id\":\"https:\\\/\\\/macstylerdz.com\\\/#organization\",\"name\":\"MAC STYLER DZ\",\"alternateName\":\"MAC STYLER ALGERIE\",\"url\":\"https:\\\/\\\/macstylerdz.com\\\/\",\"logo\":{\"@type\":\"ImageObject\",\"inLanguage\":\"fr-FR\",\"@id\":\"https:\\\/\\\/macstylerdz.com\\\/#\\\/schema\\\/logo\\\/image\\\/\",\"url\":\"https:\\\/\\\/macstylerdz.com\\\/wp-content\\\/uploads\\\/2024\\\/08\\\/MAC-STYLER-C.jpg\",\"contentUrl\":\"https:\\\/\\\/macstylerdz.com\\\/wp-content\\\/uploads\\\/2024\\\/08\\\/MAC-STYLER-C.jpg\",\"width\":500,\"height\":500,\"caption\":\"MAC STYLER DZ\"},\"image\":{\"@id\":\"https:\\\/\\\/macstylerdz.com\\\/#\\\/schema\\\/logo\\\/image\\\/\"},\"sameAs\":[\"https:\\\/\\\/www.facebook.com\\\/lisseur\\\/\",\"https:\\\/\\\/www.instagram.com\\\/dzmacshop\\\/\",\"https:\\\/\\\/www.tiktok.com\\\/@mac..styler\"]},{\"@type\":\"Person\",\"@id\":\"https:\\\/\\\/macstylerdz.com\\\/#\\\/schema\\\/person\\\/351e0bdc391f640d54f120e6937c6a58\",\"name\":\"admin\",\"image\":{\"@type\":\"ImageObject\",\"inLanguage\":\"fr-FR\",\"@id\":\"https:\\\/\\\/secure.gravatar.com\\\/avatar\\\/053ba0a1f2f04cf442dcc16d98f6175b980b549736015c581c4fc0ce1b4a7c82?s=96&d=mm&r=g\",\"url\":\"https:\\\/\\\/secure.gravatar.com\\\/avatar\\\/053ba0a1f2f04cf442dcc16d98f6175b980b549736015c581c4fc0ce1b4a7c82?s=96&d=mm&r=g\",\"contentUrl\":\"https:\\\/\\\/secure.gravatar.com\\\/avatar\\\/053ba0a1f2f04cf442dcc16d98f6175b980b549736015c581c4fc0ce1b4a7c82?s=96&d=mm&r=g\",\"caption\":\"admin\"},\"sameAs\":[\"https:\\\/\\\/macstylerdz.com\"],\"url\":\"https:\\\/\\\/macstylerdz.com\\\/?author=1\"}]}<\/script>\n<!-- \/ Yoast SEO plugin. -->","yoast_head_json":{"title":"MAC Styler Alg\u00e9rie Brille au Salon Cosmenex Expo - MAC STYLER DZ","description":"MAC Styler Alg\u00e9rie Brille au Salon Cosmetique Expo et Bien-\u00eatreAlger, Alg\u00e9rie \u2013 La marque MAC Styler Alg\u00e9rie a marqu\u00e9 de son empreinte le Salon Cosmetique Expo et Bien-\u00eatre, un \u00e9v\u00e9nement annuel incontournable pour les professionnels de l\u2019industrie cosm\u00e9tique, les marques de soins de la peau, les experts en bien-\u00eatre et les passionn\u00e9s de beaut\u00e9. Ce salon, qui s\u2019est tenu au Palais des Expositions des Pins Maritimes de la COSMENEX SETIF.","robots":{"index":"index","follow":"follow","max-snippet":"max-snippet:-1","max-image-preview":"max-image-preview:large","max-video-preview":"max-video-preview:-1"},"canonical":"https:\/\/macstylerdz.com\/?p=4058","og_locale":"fr_FR","og_type":"article","og_title":"MAC Styler Alg\u00e9rie Brille au Salon Cosmenex Expo - MAC STYLER DZ","og_description":"MAC Styler Alg\u00e9rie Brille au Salon Cosmetique Expo et Bien-\u00eatreAlger, Alg\u00e9rie \u2013 La marque MAC Styler Alg\u00e9rie a marqu\u00e9 de son empreinte le Salon Cosmetique Expo et Bien-\u00eatre, un \u00e9v\u00e9nement annuel incontournable pour les professionnels de l\u2019industrie cosm\u00e9tique, les marques de soins de la peau, les experts en bien-\u00eatre et les passionn\u00e9s de beaut\u00e9. Ce salon, qui s\u2019est tenu au Palais des Expositions des Pins Maritimes de la COSMENEX SETIF.","og_url":"https:\/\/macstylerdz.com\/?p=4058","og_site_name":"MAC STYLER DZ","article_publisher":"https:\/\/www.facebook.com\/lisseur\/","article_published_time":"2024-09-25T19:45:13+00:00","article_modified_time":"2024-09-25T20:35:52+00:00","og_image":[{"url":"https:\/\/macstylerdz.com\/wp-content\/uploads\/2024\/09\/460962837_122170631432171540_3386439792154044207_n.jpg","type":"","width":"","height":""}],"author":"admin","twitter_card":"summary_large_image","twitter_misc":{"\u00c9crit par":"admin","Dur\u00e9e de lecture estim\u00e9e":"2 minutes"},"schema":{"@context":"https:\/\/schema.org","@graph":[{"@type":"Article","@id":"https:\/\/macstylerdz.com\/?p=4058#article","isPartOf":{"@id":"https:\/\/macstylerdz.com\/?p=4058"},"author":{"name":"admin","@id":"https:\/\/macstylerdz.com\/#\/schema\/person\/351e0bdc391f640d54f120e6937c6a58"},"headline":"MAC Styler Alg\u00e9rie Brille au Salon Cosmenex Expo","datePublished":"2024-09-25T19:45:13+00:00","dateModified":"2024-09-25T20:35:52+00:00","mainEntityOfPage":{"@id":"https:\/\/macstylerdz.com\/?p=4058"},"wordCount":459,"commentCount":0,"publisher":{"@id":"https:\/\/macstylerdz.com\/#organization"},"image":{"@id":"https:\/\/macstylerdz.com\/?p=4058#primaryimage"},"thumbnailUrl":"https:\/\/macstylerdz.com\/wp-content\/uploads\/2024\/09\/460962837_122170631432171540_3386439792154044207_n.jpg","articleSection":["Uncategorized"],"inLanguage":"fr-FR","potentialAction":[{"@type":"CommentAction","name":"Comment","target":["https:\/\/macstylerdz.com\/?p=4058#respond"]}]},{"@type":"WebPage","@id":"https:\/\/macstylerdz.com\/?p=4058","url":"https:\/\/macstylerdz.com\/?p=4058","name":"MAC Styler Alg\u00e9rie Brille au Salon Cosmenex Expo - MAC STYLER DZ","isPartOf":{"@id":"https:\/\/macstylerdz.com\/#website"},"primaryImageOfPage":{"@id":"https:\/\/macstylerdz.com\/?p=4058#primaryimage"},"image":{"@id":"https:\/\/macstylerdz.com\/?p=4058#primaryimage"},"thumbnailUrl":"https:\/\/macstylerdz.com\/wp-content\/uploads\/2024\/09\/460962837_122170631432171540_3386439792154044207_n.jpg","datePublished":"2024-09-25T19:45:13+00:00","dateModified":"2024-09-25T20:35:52+00:00","description":"MAC Styler Alg\u00e9rie Brille au Salon Cosmetique Expo et Bien-\u00eatreAlger, Alg\u00e9rie \u2013 La marque MAC Styler Alg\u00e9rie a marqu\u00e9 de son empreinte le Salon Cosmetique Expo et Bien-\u00eatre, un \u00e9v\u00e9nement annuel incontournable pour les professionnels de l\u2019industrie cosm\u00e9tique, les marques de soins de la peau, les experts en bien-\u00eatre et les passionn\u00e9s de beaut\u00e9. Ce salon, qui s\u2019est tenu au Palais des Expositions des Pins Maritimes de la COSMENEX SETIF.","breadcrumb":{"@id":"https:\/\/macstylerdz.com\/?p=4058#breadcrumb"},"inLanguage":"fr-FR","potentialAction":[{"@type":"ReadAction","target":["https:\/\/macstylerdz.com\/?p=4058"]}]},{"@type":"ImageObject","inLanguage":"fr-FR","@id":"https:\/\/macstylerdz.com\/?p=4058#primaryimage","url":"https:\/\/macstylerdz.com\/wp-content\/uploads\/2024\/09\/460962837_122170631432171540_3386439792154044207_n.jpg","contentUrl":"https:\/\/macstylerdz.com\/wp-content\/uploads\/2024\/09\/460962837_122170631432171540_3386439792154044207_n.jpg","width":960,"height":960},{"@type":"BreadcrumbList","@id":"https:\/\/macstylerdz.com\/?p=4058#breadcrumb","itemListElement":[{"@type":"ListItem","position":1,"name":"Home","item":"https:\/\/macstylerdz.com\/"},{"@type":"ListItem","position":2,"name":"MAC Styler Alg\u00e9rie Brille au Salon Cosmenex Expo"}]},{"@type":"WebSite","@id":"https:\/\/macstylerdz.com\/#website","url":"https:\/\/macstylerdz.com\/","name":"MAC STYLER DZ","description":"Achetez les appareils et les outils de coiffure de la marque Mac Styler sur le site officiel en Alg\u00e9rie.","publisher":{"@id":"https:\/\/macstylerdz.com\/#organization"},"alternateName":"macstyler","potentialAction":[{"@type":"SearchAction","target":{"@type":"EntryPoint","urlTemplate":"https:\/\/macstylerdz.com\/?s={search_term_string}"},"query-input":{"@type":"PropertyValueSpecification","valueRequired":true,"valueName":"search_term_string"}}],"inLanguage":"fr-FR"},{"@type":"Organization","@id":"https:\/\/macstylerdz.com\/#organization","name":"MAC STYLER DZ","alternateName":"MAC STYLER ALGERIE","url":"https:\/\/macstylerdz.com\/","logo":{"@type":"ImageObject","inLanguage":"fr-FR","@id":"https:\/\/macstylerdz.com\/#\/schema\/logo\/image\/","url":"https:\/\/macstylerdz.com\/wp-content\/uploads\/2024\/08\/MAC-STYLER-C.jpg","contentUrl":"https:\/\/macstylerdz.com\/wp-content\/uploads\/2024\/08\/MAC-STYLER-C.jpg","width":500,"height":500,"caption":"MAC STYLER DZ"},"image":{"@id":"https:\/\/macstylerdz.com\/#\/schema\/logo\/image\/"},"sameAs":["https:\/\/www.facebook.com\/lisseur\/","https:\/\/www.instagram.com\/dzmacshop\/","https:\/\/www.tiktok.com\/@mac..styler"]},{"@type":"Person","@id":"https:\/\/macstylerdz.com\/#\/schema\/person\/351e0bdc391f640d54f120e6937c6a58","name":"admin","image":{"@type":"ImageObject","inLanguage":"fr-FR","@id":"https:\/\/secure.gravatar.com\/avatar\/053ba0a1f2f04cf442dcc16d98f6175b980b549736015c581c4fc0ce1b4a7c82?s=96&d=mm&r=g","url":"https:\/\/secure.gravatar.com\/avatar\/053ba0a1f2f04cf442dcc16d98f6175b980b549736015c581c4fc0ce1b4a7c82?s=96&d=mm&r=g","contentUrl":"https:\/\/secure.gravatar.com\/avatar\/053ba0a1f2f04cf442dcc16d98f6175b980b549736015c581c4fc0ce1b4a7c82?s=96&d=mm&r=g","caption":"admin"},"sameAs":["https:\/\/macstylerdz.com"],"url":"https:\/\/macstylerdz.com\/?author=1"}]}},"_links":{"self":[{"href":"https:\/\/macstylerdz.com\/index.php?rest_route=\/wp\/v2\/posts\/4058","targetHints":{"allow":["GET"]}}],"collection":[{"href":"https:\/\/macstylerdz.com\/index.php?rest_route=\/wp\/v2\/posts"}],"about":[{"href":"https:\/\/macstylerdz.com\/index.php?rest_route=\/wp\/v2\/types\/post"}],"author":[{"embeddable":true,"href":"https:\/\/macstylerdz.com\/index.php?rest_route=\/wp\/v2\/users\/1"}],"replies":[{"embeddable":true,"href":"https:\/\/macstylerdz.com\/index.php?rest_route=%2Fwp%2Fv2%2Fcomments&post=4058"}],"version-history":[{"count":0,"href":"https:\/\/macstylerdz.com\/index.php?rest_route=\/wp\/v2\/posts\/4058\/revisions"}],"wp:attachment":[{"href":"https:\/\/macstylerdz.com\/index.php?rest_route=%2Fwp%2Fv2%2Fmedia&parent=4058"}],"wp:term":[{"taxonomy":"category","embeddable":true,"href":"https:\/\/macstylerdz.com\/index.php?rest_route=%2Fwp%2Fv2%2Fcategories&post=4058"},{"taxonomy":"post_tag","embeddable":true,"href":"https:\/\/macstylerdz.com\/index.php?rest_route=%2Fwp%2Fv2%2Ftags&post=4058"}],"curies":[{"name":"wp","href":"https:\/\/api.w.org\/{rel}","templated":true}]}}